{"id":1433,"date":"2023-09-16T22:30:21","date_gmt":"2023-09-16T20:30:21","guid":{"rendered":"https:\/\/camminodellasibilla.com\/?p=1433"},"modified":"2023-09-16T22:34:39","modified_gmt":"2023-09-16T20:34:39","slug":"il-palazzo-vescovile-di-rieti","status":"publish","type":"post","link":"https:\/\/camminodellasibilla.com\/index.php\/2023\/09\/16\/il-palazzo-vescovile-di-rieti\/","title":{"rendered":"Il Palazzo Vescovile di Rieti"},"content":{"rendered":"\t\t<div data-elementor-type=\"wp-post\" data-elementor-id=\"1433\" class=\"elementor elementor-1433\" data-elementor-post-type=\"post\">\n\t\t\t\t\t\t<section class=\"elementor-section elementor-top-section elementor-element elementor-element-450f9b4 elementor-section-boxed elementor-section-height-default elementor-section-height-default wpr-particle-no wpr-jarallax-no wpr-parallax-no wpr-sticky-section-no\" data-id=\"450f9b4\" data-element_type=\"section\">\n\t\t\t\t\t\t<div class=\"elementor-container elementor-column-gap-default\">\n\t\t\t\t\t<div class=\"elementor-column elementor-col-100 elementor-top-column elementor-element elementor-element-6e3ae822\" data-id=\"6e3ae822\" data-element_type=\"column\">\n\t\t\t<div class=\"elementor-widget-wrap elementor-element-populated\">\n\t\t\t\t\t\t<div class=\"elementor-element elementor-element-6c14db32 elementor-widget elementor-widget-text-editor\" data-id=\"6c14db32\" data-element_type=\"widget\" data-widget_type=\"text-editor.default\">\n\t\t\t\t<div class=\"elementor-widget-container\">\n\t\t\t\t\t\t\t\t\t\n<p><\/p>\n\n\n\n<p><\/p>\n\t\t\t\t\t\t\t\t<\/div>\n\t\t\t\t<\/div>\n\t\t\t\t\t<\/div>\n\t\t<\/div>\n\t\t\t\t\t<\/div>\n\t\t<\/section>\n\t\t\t\t<section class=\"elementor-section elementor-top-section elementor-element elementor-element-bda7c00 elementor-section-boxed elementor-section-height-default elementor-section-height-default wpr-particle-no wpr-jarallax-no wpr-parallax-no wpr-sticky-section-no\" data-id=\"bda7c00\" data-element_type=\"section\">\n\t\t\t\t\t\t<div class=\"elementor-container elementor-column-gap-default\">\n\t\t\t\t\t<div class=\"elementor-column elementor-col-50 elementor-top-column elementor-element elementor-element-0483be7\" data-id=\"0483be7\" data-element_type=\"column\">\n\t\t\t<div class=\"elementor-widget-wrap elementor-element-populated\">\n\t\t\t\t\t\t<div class=\"elementor-element elementor-element-b4c2f20 elementor-widget elementor-widget-image\" data-id=\"b4c2f20\" data-element_type=\"widget\" data-widget_type=\"image.default\">\n\t\t\t\t<div class=\"elementor-widget-container\">\n\t\t\t\t\t\t\t\t\t\t\t\t\t\t\t\t<a href=\"https:\/\/camminodellasibilla.com\/wp-content\/uploads\/2023\/09\/Palazzo_Vescovile_di_Rietiweb.png\" data-elementor-open-lightbox=\"yes\" data-elementor-lightbox-title=\"Palazzo_Vescovile_di_Rietiweb\" data-e-action-hash=\"#elementor-action%3Aaction%3Dlightbox%26settings%3DeyJpZCI6NzcyLCJ1cmwiOiJodHRwczpcL1wvY2FtbWlub2RlbGxhc2liaWxsYS5jb21cL3dwLWNvbnRlbnRcL3VwbG9hZHNcLzIwMjNcLzA5XC9QYWxhenpvX1Zlc2NvdmlsZV9kaV9SaWV0aXdlYi5wbmcifQ%3D%3D\">\n\t\t\t\t\t\t\t<img fetchpriority=\"high\" decoding=\"async\" width=\"1996\" height=\"1328\" src=\"https:\/\/camminodellasibilla.com\/wp-content\/uploads\/2023\/09\/Palazzo_Vescovile_di_Rietiweb.png\" class=\"attachment-full size-full wp-image-772\" alt=\"\" srcset=\"https:\/\/camminodellasibilla.com\/wp-content\/uploads\/2023\/09\/Palazzo_Vescovile_di_Rietiweb.png 1996w, https:\/\/camminodellasibilla.com\/wp-content\/uploads\/2023\/09\/Palazzo_Vescovile_di_Rietiweb-300x200.png 300w, https:\/\/camminodellasibilla.com\/wp-content\/uploads\/2023\/09\/Palazzo_Vescovile_di_Rietiweb-1024x681.png 1024w, https:\/\/camminodellasibilla.com\/wp-content\/uploads\/2023\/09\/Palazzo_Vescovile_di_Rietiweb-768x511.png 768w, https:\/\/camminodellasibilla.com\/wp-content\/uploads\/2023\/09\/Palazzo_Vescovile_di_Rietiweb-1536x1022.png 1536w\" sizes=\"(max-width: 1996px) 100vw, 1996px\" \/>\t\t\t\t\t\t\t\t<\/a>\n\t\t\t\t\t\t\t\t\t\t\t\t\t\t\t<\/div>\n\t\t\t\t<\/div>\n\t\t\t\t\t<\/div>\n\t\t<\/div>\n\t\t\t\t<div class=\"elementor-column elementor-col-50 elementor-top-column elementor-element elementor-element-b7609f5\" data-id=\"b7609f5\" data-element_type=\"column\">\n\t\t\t<div class=\"elementor-widget-wrap elementor-element-populated\">\n\t\t\t\t\t\t<div class=\"elementor-element elementor-element-2af1c86 elementor-widget elementor-widget-heading\" data-id=\"2af1c86\" data-element_type=\"widget\" data-widget_type=\"heading.default\">\n\t\t\t\t<div class=\"elementor-widget-container\">\n\t\t\t\t\t<h2 class=\"elementor-heading-title elementor-size-default\">Palazzo Vescovile di Rieti<\/h2>\t\t\t\t<\/div>\n\t\t\t\t<\/div>\n\t\t\t\t<section class=\"elementor-section elementor-inner-section elementor-element elementor-element-a547b9e elementor-section-boxed elementor-section-height-default elementor-section-height-default wpr-particle-no wpr-jarallax-no wpr-parallax-no wpr-sticky-section-no\" data-id=\"a547b9e\" data-element_type=\"section\">\n\t\t\t\t\t\t<div class=\"elementor-container elementor-column-gap-default\">\n\t\t\t\t\t<div class=\"elementor-column elementor-col-100 elementor-inner-column elementor-element elementor-element-8e776e3\" data-id=\"8e776e3\" data-element_type=\"column\">\n\t\t\t<div class=\"elementor-widget-wrap elementor-element-populated\">\n\t\t\t\t\t\t<div class=\"elementor-element elementor-element-b867fc4 elementor-drop-cap-yes elementor-drop-cap-view-default elementor-widget elementor-widget-text-editor\" data-id=\"b867fc4\" data-element_type=\"widget\" data-settings=\"{&quot;drop_cap&quot;:&quot;yes&quot;}\" data-widget_type=\"text-editor.default\">\n\t\t\t\t<div class=\"elementor-widget-container\">\n\t\t\t\t\t\t\t\t\t<p>Il Palazzo Vescovile di Rieti \u00e8 un luogo di grande fascino e suggestione che affonda le sue radici nel XVI secolo. Originariamente costruito come residenza dei vescovi di Rieti, oggi ospita uno dei musei pi\u00f9 prestigiosi della citt\u00e0: il Museo Civico.<\/p>\n<p>Il museo \u00e8 una vera e propria gemma nascosta che racchiude in s\u00e9 una vasta collezione di opere d&#8217;arte, offrendo ai visitatori la possibilit\u00e0 di immergersi nella storia e nella cultura di Rieti. Le sue sale sono piene di dipinti di valore artistico, sculture eccezionali e manufatti antichi, che rappresentano un&#8217;autentica testimonianza delle epoche passate.<\/p>\n<p>Ad accogliere i visitatori, si trovano affascinanti affreschi e decorazioni originali che risalgono al XVI secolo, testimonianze dell&#8217;antica grandezza del palazzo e delle sue origini vescovili. Camminando per i corridoi del museo, \u00e8 possibile ammirare opere di artisti locali e nazionali, tra cui dipinti che spaziano da opere religiose medievali a capolavori rinascimentali.<\/p>\n<p>Tra le opere esposte, vi sono anche sculture che raccontano storie di antichi miti e leggende della zona, trasportando i visitatori in un mondo di fantasia e mistero. Ogni angolo del museo sembra nascondere un tesoro da scoprire, come manufatti antichi e reperti archeologici che rappresentano la storia di Rieti e delle sue origini.<\/p>\n<p>Il Museo Civico del Palazzo Vescovile \u00e8 una tappa imperdibile per coloro che desiderano scoprire la vera essenza di Rieti e apprezzare la sua storia millenaria. Grazie alla vasta collezione esposta, \u00e8 possibile viaggiare nel tempo e ammirare opere d&#8217;arte di inestimabile valore artistico.<\/p>\n<p>Attraverso le opere esposte, si pu\u00f2 comprendere l&#8217;evoluzione delle tecniche artistiche nel corso dei secoli e immergersi nell&#8217;atmosfera unica che permea il Palazzo Vescovile. Ogni visita al museo \u00e8 un&#8217;occasione per arricchirsi culturalmente e lasciarsi stupire dalla bellezza che si cela dietro le sue mura.<\/p>\n<p>Il Palazzo Vescovile e il suo Museo Civico rappresentano un importante patrimonio per Rieti e per l&#8217;intera comunit\u00e0. Conservando e promuovendo la storia e l&#8217;arte della citt\u00e0, essi contribuiscono alla valorizzazione del territorio e all&#8217;arricchimento culturale delle persone che li visitano.<\/p>\n<p>In conclusione, il Palazzo Vescovile di Rieti, con il suo prestigioso Museo Civico, offre ai visitatori l&#8217;opportunit\u00e0 di immergersi completamente nelle meraviglie dell&#8217;arte e della cultura del passato. \u00c8 un luogo che rimane impresso nella memoria di coloro che lo visitano, regalando emozioni e stimolando la curiosit\u00e0 di scoprire sempre di pi\u00f9 sulla storia millenaria di Rieti.<\/p>\t\t\t\t\t\t\t\t<\/div>\n\t\t\t\t<\/div>\n\t\t\t\t\t<\/div>\n\t\t<\/div>\n\t\t\t\t\t<\/div>\n\t\t<\/section>\n\t\t\t\t\t<\/div>\n\t\t<\/div>\n\t\t\t\t\t<\/div>\n\t\t<\/section>\n\t\t\t\t<\/div>\n\t\t","protected":false},"excerpt":{"rendered":"<p>Palazzo Vescovile di Rieti Il Palazzo Vescovile di Rieti \u00e8 un luogo di grande fascino e suggestione che affonda le sue radici nel XVI secolo. Originariamente costruito come residenza dei vescovi di Rieti, oggi ospita uno dei musei pi\u00f9 prestigiosi della citt\u00e0: il Museo Civico. Il museo \u00e8 una vera e propria gemma nascosta che racchiude in s\u00e9 una vasta collezione di opere d&#8217;arte, offrendo ai visitatori la possibilit\u00e0 di immergersi nella storia e nella cultura di Rieti. Le sue sale sono piene di dipinti di valore artistico, sculture eccezionali e manufatti antichi, che rappresentano un&#8217;autentica testimonianza delle epoche passate. Ad accogliere i visitatori, si trovano affascinanti affreschi e decorazioni originali che risalgono al XVI secolo, testimonianze dell&#8217;antica grandezza del palazzo e delle sue origini vescovili. Camminando per i corridoi del museo, \u00e8 possibile ammirare opere di artisti locali e nazionali, tra cui dipinti che spaziano da opere religiose medievali a capolavori rinascimentali. Tra le opere esposte, vi sono anche sculture che raccontano storie di antichi miti e leggende della zona, trasportando i visitatori in un mondo di fantasia e mistero. Ogni angolo del museo sembra nascondere un tesoro da scoprire, come manufatti antichi e reperti archeologici che rappresentano la storia di Rieti e delle sue origini. Il Museo Civico del Palazzo Vescovile \u00e8 una tappa imperdibile per coloro che desiderano scoprire la vera essenza di Rieti e apprezzare la sua storia millenaria. Grazie alla vasta collezione esposta, \u00e8 possibile viaggiare nel tempo e ammirare opere d&#8217;arte di inestimabile valore artistico. Attraverso le opere esposte, si pu\u00f2 comprendere l&#8217;evoluzione delle tecniche artistiche nel corso dei secoli e immergersi nell&#8217;atmosfera unica che permea il Palazzo Vescovile. Ogni visita al museo \u00e8 un&#8217;occasione per arricchirsi culturalmente e lasciarsi stupire dalla bellezza che si cela dietro le sue mura. Il Palazzo Vescovile e il suo Museo Civico rappresentano un importante patrimonio per Rieti e per l&#8217;intera comunit\u00e0. Conservando e promuovendo la storia e l&#8217;arte della citt\u00e0, essi contribuiscono alla valorizzazione del territorio e all&#8217;arricchimento culturale delle persone che li visitano. In conclusione, il Palazzo Vescovile di Rieti, con il suo prestigioso Museo Civico, offre ai visitatori l&#8217;opportunit\u00e0 di immergersi completamente nelle meraviglie dell&#8217;arte e della cultura del passato. \u00c8 un luogo che rimane impresso nella memoria di coloro che lo visitano, regalando emozioni e stimolando la curiosit\u00e0 di scoprire sempre di pi\u00f9 sulla storia millenaria di Rieti.<\/p>\n","protected":false},"author":1,"featured_media":772,"comment_status":"open","ping_status":"open","sticky":false,"template":"","format":"standard","meta":{"footnotes":""},"categories":[10],"tags":[],"class_list":["post-1433","post","type-post","status-publish","format-standard","has-post-thumbnail","hentry","category-blog"],"yoast_head":"<!-- This site is optimized with the Yoast SEO plugin v24.5 - https:\/\/yoast.com\/wordpress\/plugins\/seo\/ -->\n<title>Il Palazzo Vescovile di Rieti - camminodellasibilla.com<\/title>\n<meta name=\"robots\" content=\"index, follow, max-snippet:-1, max-image-preview:large, max-video-preview:-1\" \/>\n<link rel=\"canonical\" href=\"https:\/\/camminodellasibilla.com\/index.php\/2023\/09\/16\/il-palazzo-vescovile-di-rieti\/\" \/>\n<meta property=\"og:locale\" content=\"it_IT\" \/>\n<meta property=\"og:type\" content=\"article\" \/>\n<meta property=\"og:title\" content=\"Il Palazzo Vescovile di Rieti - camminodellasibilla.com\" \/>\n<meta property=\"og:description\" content=\"Palazzo Vescovile di Rieti Il Palazzo Vescovile di Rieti \u00e8 un luogo di grande fascino e suggestione che affonda le sue radici nel XVI secolo. Originariamente costruito come residenza dei vescovi di Rieti, oggi ospita uno dei musei pi\u00f9 prestigiosi della citt\u00e0: il Museo Civico. Il museo \u00e8 una vera e propria gemma nascosta che racchiude in s\u00e9 una vasta collezione di opere d&#8217;arte, offrendo ai visitatori la possibilit\u00e0 di immergersi nella storia e nella cultura di Rieti. Le sue sale sono piene di dipinti di valore artistico, sculture eccezionali e manufatti antichi, che rappresentano un&#8217;autentica testimonianza delle epoche passate. Ad accogliere i visitatori, si trovano affascinanti affreschi e decorazioni originali che risalgono al XVI secolo, testimonianze dell&#8217;antica grandezza del palazzo e delle sue origini vescovili. Camminando per i corridoi del museo, \u00e8 possibile ammirare opere di artisti locali e nazionali, tra cui dipinti che spaziano da opere religiose medievali a capolavori rinascimentali. Tra le opere esposte, vi sono anche sculture che raccontano storie di antichi miti e leggende della zona, trasportando i visitatori in un mondo di fantasia e mistero. Ogni angolo del museo sembra nascondere un tesoro da scoprire, come manufatti antichi e reperti archeologici che rappresentano la storia di Rieti e delle sue origini. Il Museo Civico del Palazzo Vescovile \u00e8 una tappa imperdibile per coloro che desiderano scoprire la vera essenza di Rieti e apprezzare la sua storia millenaria. Grazie alla vasta collezione esposta, \u00e8 possibile viaggiare nel tempo e ammirare opere d&#8217;arte di inestimabile valore artistico. Attraverso le opere esposte, si pu\u00f2 comprendere l&#8217;evoluzione delle tecniche artistiche nel corso dei secoli e immergersi nell&#8217;atmosfera unica che permea il Palazzo Vescovile. Ogni visita al museo \u00e8 un&#8217;occasione per arricchirsi culturalmente e lasciarsi stupire dalla bellezza che si cela dietro le sue mura. Il Palazzo Vescovile e il suo Museo Civico rappresentano un importante patrimonio per Rieti e per l&#8217;intera comunit\u00e0. Conservando e promuovendo la storia e l&#8217;arte della citt\u00e0, essi contribuiscono alla valorizzazione del territorio e all&#8217;arricchimento culturale delle persone che li visitano. In conclusione, il Palazzo Vescovile di Rieti, con il suo prestigioso Museo Civico, offre ai visitatori l&#8217;opportunit\u00e0 di immergersi completamente nelle meraviglie dell&#8217;arte e della cultura del passato. \u00c8 un luogo che rimane impresso nella memoria di coloro che lo visitano, regalando emozioni e stimolando la curiosit\u00e0 di scoprire sempre di pi\u00f9 sulla storia millenaria di Rieti.\" \/>\n<meta property=\"og:url\" content=\"https:\/\/camminodellasibilla.com\/index.php\/2023\/09\/16\/il-palazzo-vescovile-di-rieti\/\" \/>\n<meta property=\"og:site_name\" content=\"camminodellasibilla.com\" \/>\n<meta property=\"article:published_time\" content=\"2023-09-16T20:30:21+00:00\" \/>\n<meta property=\"article:modified_time\" content=\"2023-09-16T20:34:39+00:00\" \/>\n<meta property=\"og:image\" content=\"https:\/\/camminodellasibilla.com\/wp-content\/uploads\/2023\/09\/Palazzo_Vescovile_di_Rietiweb.png\" \/>\n\t<meta property=\"og:image:width\" content=\"1996\" \/>\n\t<meta property=\"og:image:height\" content=\"1328\" \/>\n\t<meta property=\"og:image:type\" content=\"image\/png\" \/>\n<meta name=\"author\" content=\"camminodellasibillaasd@gmail.com\" \/>\n<meta name=\"twitter:card\" content=\"summary_large_image\" \/>\n<meta name=\"twitter:label1\" content=\"Scritto da\" \/>\n\t<meta name=\"twitter:data1\" content=\"camminodellasibillaasd@gmail.com\" \/>\n\t<meta name=\"twitter:label2\" content=\"Tempo di lettura stimato\" \/>\n\t<meta name=\"twitter:data2\" content=\"2 minuti\" \/>\n<script type=\"application\/ld+json\" class=\"yoast-schema-graph\">{\"@context\":\"https:\/\/schema.org\",\"@graph\":[{\"@type\":\"Article\",\"@id\":\"https:\/\/camminodellasibilla.com\/index.php\/2023\/09\/16\/il-palazzo-vescovile-di-rieti\/#article\",\"isPartOf\":{\"@id\":\"https:\/\/camminodellasibilla.com\/index.php\/2023\/09\/16\/il-palazzo-vescovile-di-rieti\/\"},\"author\":{\"name\":\"camminodellasibillaasd@gmail.com\",\"@id\":\"https:\/\/camminodellasibilla.com\/#\/schema\/person\/a948b952d007174a1c16b71ddd3d7525\"},\"headline\":\"Il Palazzo Vescovile di Rieti\",\"datePublished\":\"2023-09-16T20:30:21+00:00\",\"dateModified\":\"2023-09-16T20:34:39+00:00\",\"mainEntityOfPage\":{\"@id\":\"https:\/\/camminodellasibilla.com\/index.php\/2023\/09\/16\/il-palazzo-vescovile-di-rieti\/\"},\"wordCount\":404,\"commentCount\":0,\"publisher\":{\"@id\":\"https:\/\/camminodellasibilla.com\/#organization\"},\"image\":{\"@id\":\"https:\/\/camminodellasibilla.com\/index.php\/2023\/09\/16\/il-palazzo-vescovile-di-rieti\/#primaryimage\"},\"thumbnailUrl\":\"https:\/\/camminodellasibilla.com\/wp-content\/uploads\/2023\/09\/Palazzo_Vescovile_di_Rietiweb.png\",\"articleSection\":[\"Blog\"],\"inLanguage\":\"it-IT\",\"potentialAction\":[{\"@type\":\"CommentAction\",\"name\":\"Comment\",\"target\":[\"https:\/\/camminodellasibilla.com\/index.php\/2023\/09\/16\/il-palazzo-vescovile-di-rieti\/#respond\"]}]},{\"@type\":\"WebPage\",\"@id\":\"https:\/\/camminodellasibilla.com\/index.php\/2023\/09\/16\/il-palazzo-vescovile-di-rieti\/\",\"url\":\"https:\/\/camminodellasibilla.com\/index.php\/2023\/09\/16\/il-palazzo-vescovile-di-rieti\/\",\"name\":\"Il Palazzo Vescovile di Rieti - camminodellasibilla.com\",\"isPartOf\":{\"@id\":\"https:\/\/camminodellasibilla.com\/#website\"},\"primaryImageOfPage\":{\"@id\":\"https:\/\/camminodellasibilla.com\/index.php\/2023\/09\/16\/il-palazzo-vescovile-di-rieti\/#primaryimage\"},\"image\":{\"@id\":\"https:\/\/camminodellasibilla.com\/index.php\/2023\/09\/16\/il-palazzo-vescovile-di-rieti\/#primaryimage\"},\"thumbnailUrl\":\"https:\/\/camminodellasibilla.com\/wp-content\/uploads\/2023\/09\/Palazzo_Vescovile_di_Rietiweb.png\",\"datePublished\":\"2023-09-16T20:30:21+00:00\",\"dateModified\":\"2023-09-16T20:34:39+00:00\",\"breadcrumb\":{\"@id\":\"https:\/\/camminodellasibilla.com\/index.php\/2023\/09\/16\/il-palazzo-vescovile-di-rieti\/#breadcrumb\"},\"inLanguage\":\"it-IT\",\"potentialAction\":[{\"@type\":\"ReadAction\",\"target\":[\"https:\/\/camminodellasibilla.com\/index.php\/2023\/09\/16\/il-palazzo-vescovile-di-rieti\/\"]}]},{\"@type\":\"ImageObject\",\"inLanguage\":\"it-IT\",\"@id\":\"https:\/\/camminodellasibilla.com\/index.php\/2023\/09\/16\/il-palazzo-vescovile-di-rieti\/#primaryimage\",\"url\":\"https:\/\/camminodellasibilla.com\/wp-content\/uploads\/2023\/09\/Palazzo_Vescovile_di_Rietiweb.png\",\"contentUrl\":\"https:\/\/camminodellasibilla.com\/wp-content\/uploads\/2023\/09\/Palazzo_Vescovile_di_Rietiweb.png\",\"width\":1996,\"height\":1328},{\"@type\":\"BreadcrumbList\",\"@id\":\"https:\/\/camminodellasibilla.com\/index.php\/2023\/09\/16\/il-palazzo-vescovile-di-rieti\/#breadcrumb\",\"itemListElement\":[{\"@type\":\"ListItem\",\"position\":1,\"name\":\"Home\",\"item\":\"https:\/\/camminodellasibilla.com\/\"},{\"@type\":\"ListItem\",\"position\":2,\"name\":\"Il Palazzo Vescovile di Rieti\"}]},{\"@type\":\"WebSite\",\"@id\":\"https:\/\/camminodellasibilla.com\/#website\",\"url\":\"https:\/\/camminodellasibilla.com\/\",\"name\":\"camminodellasibilla.com\",\"description\":\"Cammino della Sibilla\",\"publisher\":{\"@id\":\"https:\/\/camminodellasibilla.com\/#organization\"},\"potentialAction\":[{\"@type\":\"SearchAction\",\"target\":{\"@type\":\"EntryPoint\",\"urlTemplate\":\"https:\/\/camminodellasibilla.com\/?s={search_term_string}\"},\"query-input\":{\"@type\":\"PropertyValueSpecification\",\"valueRequired\":true,\"valueName\":\"search_term_string\"}}],\"inLanguage\":\"it-IT\"},{\"@type\":\"Organization\",\"@id\":\"https:\/\/camminodellasibilla.com\/#organization\",\"name\":\"camminodellasibilla.com\",\"url\":\"https:\/\/camminodellasibilla.com\/\",\"logo\":{\"@type\":\"ImageObject\",\"inLanguage\":\"it-IT\",\"@id\":\"https:\/\/camminodellasibilla.com\/#\/schema\/logo\/image\/\",\"url\":\"https:\/\/camminodellasibilla.com\/wp-content\/uploads\/2023\/05\/Cammino-della-sibila-no-bg-1-1.png\",\"contentUrl\":\"https:\/\/camminodellasibilla.com\/wp-content\/uploads\/2023\/05\/Cammino-della-sibila-no-bg-1-1.png\",\"width\":3600,\"height\":3600,\"caption\":\"camminodellasibilla.com\"},\"image\":{\"@id\":\"https:\/\/camminodellasibilla.com\/#\/schema\/logo\/image\/\"}},{\"@type\":\"Person\",\"@id\":\"https:\/\/camminodellasibilla.com\/#\/schema\/person\/a948b952d007174a1c16b71ddd3d7525\",\"name\":\"camminodellasibillaasd@gmail.com\",\"image\":{\"@type\":\"ImageObject\",\"inLanguage\":\"it-IT\",\"@id\":\"https:\/\/camminodellasibilla.com\/#\/schema\/person\/image\/\",\"url\":\"https:\/\/camminodellasibilla.com\/wp-content\/litespeed\/avatar\/5aaeb42db578eef65bdf42d791428794.jpg\",\"contentUrl\":\"https:\/\/camminodellasibilla.com\/wp-content\/litespeed\/avatar\/5aaeb42db578eef65bdf42d791428794.jpg\",\"caption\":\"camminodellasibillaasd@gmail.com\"},\"sameAs\":[\"http:\/\/camminodellasibilla.com\"],\"url\":\"https:\/\/camminodellasibilla.com\/index.php\/author\/camminodellasibillaasdgmail-com\/\"}]}<\/script>\n<!-- \/ Yoast SEO plugin. -->","yoast_head_json":{"title":"Il Palazzo Vescovile di Rieti - camminodellasibilla.com","robots":{"index":"index","follow":"follow","max-snippet":"max-snippet:-1","max-image-preview":"max-image-preview:large","max-video-preview":"max-video-preview:-1"},"canonical":"https:\/\/camminodellasibilla.com\/index.php\/2023\/09\/16\/il-palazzo-vescovile-di-rieti\/","og_locale":"it_IT","og_type":"article","og_title":"Il Palazzo Vescovile di Rieti - camminodellasibilla.com","og_description":"Palazzo Vescovile di Rieti Il Palazzo Vescovile di Rieti \u00e8 un luogo di grande fascino e suggestione che affonda le sue radici nel XVI secolo. Originariamente costruito come residenza dei vescovi di Rieti, oggi ospita uno dei musei pi\u00f9 prestigiosi della citt\u00e0: il Museo Civico. Il museo \u00e8 una vera e propria gemma nascosta che racchiude in s\u00e9 una vasta collezione di opere d&#8217;arte, offrendo ai visitatori la possibilit\u00e0 di immergersi nella storia e nella cultura di Rieti. Le sue sale sono piene di dipinti di valore artistico, sculture eccezionali e manufatti antichi, che rappresentano un&#8217;autentica testimonianza delle epoche passate. Ad accogliere i visitatori, si trovano affascinanti affreschi e decorazioni originali che risalgono al XVI secolo, testimonianze dell&#8217;antica grandezza del palazzo e delle sue origini vescovili. Camminando per i corridoi del museo, \u00e8 possibile ammirare opere di artisti locali e nazionali, tra cui dipinti che spaziano da opere religiose medievali a capolavori rinascimentali. Tra le opere esposte, vi sono anche sculture che raccontano storie di antichi miti e leggende della zona, trasportando i visitatori in un mondo di fantasia e mistero. Ogni angolo del museo sembra nascondere un tesoro da scoprire, come manufatti antichi e reperti archeologici che rappresentano la storia di Rieti e delle sue origini. Il Museo Civico del Palazzo Vescovile \u00e8 una tappa imperdibile per coloro che desiderano scoprire la vera essenza di Rieti e apprezzare la sua storia millenaria. Grazie alla vasta collezione esposta, \u00e8 possibile viaggiare nel tempo e ammirare opere d&#8217;arte di inestimabile valore artistico. Attraverso le opere esposte, si pu\u00f2 comprendere l&#8217;evoluzione delle tecniche artistiche nel corso dei secoli e immergersi nell&#8217;atmosfera unica che permea il Palazzo Vescovile. Ogni visita al museo \u00e8 un&#8217;occasione per arricchirsi culturalmente e lasciarsi stupire dalla bellezza che si cela dietro le sue mura. Il Palazzo Vescovile e il suo Museo Civico rappresentano un importante patrimonio per Rieti e per l&#8217;intera comunit\u00e0. Conservando e promuovendo la storia e l&#8217;arte della citt\u00e0, essi contribuiscono alla valorizzazione del territorio e all&#8217;arricchimento culturale delle persone che li visitano. In conclusione, il Palazzo Vescovile di Rieti, con il suo prestigioso Museo Civico, offre ai visitatori l&#8217;opportunit\u00e0 di immergersi completamente nelle meraviglie dell&#8217;arte e della cultura del passato. \u00c8 un luogo che rimane impresso nella memoria di coloro che lo visitano, regalando emozioni e stimolando la curiosit\u00e0 di scoprire sempre di pi\u00f9 sulla storia millenaria di Rieti.","og_url":"https:\/\/camminodellasibilla.com\/index.php\/2023\/09\/16\/il-palazzo-vescovile-di-rieti\/","og_site_name":"camminodellasibilla.com","article_published_time":"2023-09-16T20:30:21+00:00","article_modified_time":"2023-09-16T20:34:39+00:00","og_image":[{"width":1996,"height":1328,"url":"https:\/\/camminodellasibilla.com\/wp-content\/uploads\/2023\/09\/Palazzo_Vescovile_di_Rietiweb.png","type":"image\/png"}],"author":"camminodellasibillaasd@gmail.com","twitter_card":"summary_large_image","twitter_misc":{"Scritto da":"camminodellasibillaasd@gmail.com","Tempo di lettura stimato":"2 minuti"},"schema":{"@context":"https:\/\/schema.org","@graph":[{"@type":"Article","@id":"https:\/\/camminodellasibilla.com\/index.php\/2023\/09\/16\/il-palazzo-vescovile-di-rieti\/#article","isPartOf":{"@id":"https:\/\/camminodellasibilla.com\/index.php\/2023\/09\/16\/il-palazzo-vescovile-di-rieti\/"},"author":{"name":"camminodellasibillaasd@gmail.com","@id":"https:\/\/camminodellasibilla.com\/#\/schema\/person\/a948b952d007174a1c16b71ddd3d7525"},"headline":"Il Palazzo Vescovile di Rieti","datePublished":"2023-09-16T20:30:21+00:00","dateModified":"2023-09-16T20:34:39+00:00","mainEntityOfPage":{"@id":"https:\/\/camminodellasibilla.com\/index.php\/2023\/09\/16\/il-palazzo-vescovile-di-rieti\/"},"wordCount":404,"commentCount":0,"publisher":{"@id":"https:\/\/camminodellasibilla.com\/#organization"},"image":{"@id":"https:\/\/camminodellasibilla.com\/index.php\/2023\/09\/16\/il-palazzo-vescovile-di-rieti\/#primaryimage"},"thumbnailUrl":"https:\/\/camminodellasibilla.com\/wp-content\/uploads\/2023\/09\/Palazzo_Vescovile_di_Rietiweb.png","articleSection":["Blog"],"inLanguage":"it-IT","potentialAction":[{"@type":"CommentAction","name":"Comment","target":["https:\/\/camminodellasibilla.com\/index.php\/2023\/09\/16\/il-palazzo-vescovile-di-rieti\/#respond"]}]},{"@type":"WebPage","@id":"https:\/\/camminodellasibilla.com\/index.php\/2023\/09\/16\/il-palazzo-vescovile-di-rieti\/","url":"https:\/\/camminodellasibilla.com\/index.php\/2023\/09\/16\/il-palazzo-vescovile-di-rieti\/","name":"Il Palazzo Vescovile di Rieti - camminodellasibilla.com","isPartOf":{"@id":"https:\/\/camminodellasibilla.com\/#website"},"primaryImageOfPage":{"@id":"https:\/\/camminodellasibilla.com\/index.php\/2023\/09\/16\/il-palazzo-vescovile-di-rieti\/#primaryimage"},"image":{"@id":"https:\/\/camminodellasibilla.com\/index.php\/2023\/09\/16\/il-palazzo-vescovile-di-rieti\/#primaryimage"},"thumbnailUrl":"https:\/\/camminodellasibilla.com\/wp-content\/uploads\/2023\/09\/Palazzo_Vescovile_di_Rietiweb.png","datePublished":"2023-09-16T20:30:21+00:00","dateModified":"2023-09-16T20:34:39+00:00","breadcrumb":{"@id":"https:\/\/camminodellasibilla.com\/index.php\/2023\/09\/16\/il-palazzo-vescovile-di-rieti\/#breadcrumb"},"inLanguage":"it-IT","potentialAction":[{"@type":"ReadAction","target":["https:\/\/camminodellasibilla.com\/index.php\/2023\/09\/16\/il-palazzo-vescovile-di-rieti\/"]}]},{"@type":"ImageObject","inLanguage":"it-IT","@id":"https:\/\/camminodellasibilla.com\/index.php\/2023\/09\/16\/il-palazzo-vescovile-di-rieti\/#primaryimage","url":"https:\/\/camminodellasibilla.com\/wp-content\/uploads\/2023\/09\/Palazzo_Vescovile_di_Rietiweb.png","contentUrl":"https:\/\/camminodellasibilla.com\/wp-content\/uploads\/2023\/09\/Palazzo_Vescovile_di_Rietiweb.png","width":1996,"height":1328},{"@type":"BreadcrumbList","@id":"https:\/\/camminodellasibilla.com\/index.php\/2023\/09\/16\/il-palazzo-vescovile-di-rieti\/#breadcrumb","itemListElement":[{"@type":"ListItem","position":1,"name":"Home","item":"https:\/\/camminodellasibilla.com\/"},{"@type":"ListItem","position":2,"name":"Il Palazzo Vescovile di Rieti"}]},{"@type":"WebSite","@id":"https:\/\/camminodellasibilla.com\/#website","url":"https:\/\/camminodellasibilla.com\/","name":"camminodellasibilla.com","description":"Cammino della Sibilla","publisher":{"@id":"https:\/\/camminodellasibilla.com\/#organization"},"potentialAction":[{"@type":"SearchAction","target":{"@type":"EntryPoint","urlTemplate":"https:\/\/camminodellasibilla.com\/?s={search_term_string}"},"query-input":{"@type":"PropertyValueSpecification","valueRequired":true,"valueName":"search_term_string"}}],"inLanguage":"it-IT"},{"@type":"Organization","@id":"https:\/\/camminodellasibilla.com\/#organization","name":"camminodellasibilla.com","url":"https:\/\/camminodellasibilla.com\/","logo":{"@type":"ImageObject","inLanguage":"it-IT","@id":"https:\/\/camminodellasibilla.com\/#\/schema\/logo\/image\/","url":"https:\/\/camminodellasibilla.com\/wp-content\/uploads\/2023\/05\/Cammino-della-sibila-no-bg-1-1.png","contentUrl":"https:\/\/camminodellasibilla.com\/wp-content\/uploads\/2023\/05\/Cammino-della-sibila-no-bg-1-1.png","width":3600,"height":3600,"caption":"camminodellasibilla.com"},"image":{"@id":"https:\/\/camminodellasibilla.com\/#\/schema\/logo\/image\/"}},{"@type":"Person","@id":"https:\/\/camminodellasibilla.com\/#\/schema\/person\/a948b952d007174a1c16b71ddd3d7525","name":"camminodellasibillaasd@gmail.com","image":{"@type":"ImageObject","inLanguage":"it-IT","@id":"https:\/\/camminodellasibilla.com\/#\/schema\/person\/image\/","url":"https:\/\/camminodellasibilla.com\/wp-content\/litespeed\/avatar\/5aaeb42db578eef65bdf42d791428794.jpg","contentUrl":"https:\/\/camminodellasibilla.com\/wp-content\/litespeed\/avatar\/5aaeb42db578eef65bdf42d791428794.jpg","caption":"camminodellasibillaasd@gmail.com"},"sameAs":["http:\/\/camminodellasibilla.com"],"url":"https:\/\/camminodellasibilla.com\/index.php\/author\/camminodellasibillaasdgmail-com\/"}]}},"_links":{"self":[{"href":"https:\/\/camminodellasibilla.com\/index.php\/wp-json\/wp\/v2\/posts\/1433","targetHints":{"allow":["GET"]}}],"collection":[{"href":"https:\/\/camminodellasibilla.com\/index.php\/wp-json\/wp\/v2\/posts"}],"about":[{"href":"https:\/\/camminodellasibilla.com\/index.php\/wp-json\/wp\/v2\/types\/post"}],"author":[{"embeddable":true,"href":"https:\/\/camminodellasibilla.com\/index.php\/wp-json\/wp\/v2\/users\/1"}],"replies":[{"embeddable":true,"href":"https:\/\/camminodellasibilla.com\/index.php\/wp-json\/wp\/v2\/comments?post=1433"}],"version-history":[{"count":8,"href":"https:\/\/camminodellasibilla.com\/index.php\/wp-json\/wp\/v2\/posts\/1433\/revisions"}],"predecessor-version":[{"id":1441,"href":"https:\/\/camminodellasibilla.com\/index.php\/wp-json\/wp\/v2\/posts\/1433\/revisions\/1441"}],"wp:featuredmedia":[{"embeddable":true,"href":"https:\/\/camminodellasibilla.com\/index.php\/wp-json\/wp\/v2\/media\/772"}],"wp:attachment":[{"href":"https:\/\/camminodellasibilla.com\/index.php\/wp-json\/wp\/v2\/media?parent=1433"}],"wp:term":[{"taxonomy":"category","embeddable":true,"href":"https:\/\/camminodellasibilla.com\/index.php\/wp-json\/wp\/v2\/categories?post=1433"},{"taxonomy":"post_tag","embeddable":true,"href":"https:\/\/camminodellasibilla.com\/index.php\/wp-json\/wp\/v2\/tags?post=1433"}],"curies":[{"name":"wp","href":"https:\/\/api.w.org\/{rel}","templated":true}]}}